{"id":2151,"date":"2023-08-01T16:55:38","date_gmt":"2023-08-01T16:55:38","guid":{"rendered":"https:\/\/trustbiz.pt\/?p=2151"},"modified":"2023-08-11T14:52:17","modified_gmt":"2023-08-11T14:52:17","slug":"the-dignified-work-agenda","status":"publish","type":"post","link":"https:\/\/trustbiz.pt\/pt\/the-dignified-work-agenda\/","title":{"rendered":"A Agenda do Trabalho Digno"},"content":{"rendered":"<p>Transpondo para o direito interno diretivas comunit\u00e1rias aprovadas j\u00e1 em 2019, a Agenda do Trabalho Digno traz altera\u00e7\u00f5es nos contratos, despedimentos e direitos dos trabalhadores. \nS\u00e3o cerca de 70 medidas, adotadas com o objetivo de melhorar as condi\u00e7\u00f5es dos trabalhadores e permitir uma gest\u00e3o mais equilibrada da vida pessoal, familiar e profissional e que se encontram em vigor desde abril.<\/p>\n\n\n\n<p>O combate \u00e0 precariedade e a valoriza\u00e7\u00e3o dos sal\u00e1rios, a igualdade no mercado de trabalho entre mulheres e homens e o incentivo \u00e0 real partilha das responsabilidades familiares s\u00e3o outros pontos abordados pela nova legisla\u00e7\u00e3o.\nPretende-se igualmente com este diploma, detetar situa\u00e7\u00f5es de irregularidade, como falsos recibos verdes ou trabalho n\u00e3o declarado, refor\u00e7ando-se os mecanismos de fiscaliza\u00e7\u00e3o, nomeadamente atrav\u00e9s do cruzamento de dados entre entidades.<\/p>\n\n\n\n<p>Para combate \u00e0 precariedade e prote\u00e7\u00e3o do emprego jovem os contratos tempor\u00e1rios a termo certo s\u00f3 podem ser renovados quatro vezes e n\u00e3o seis, como acontecia at\u00e9 aqui. A dura\u00e7\u00e3o destes contratos passa a ter como limite m\u00e1ximo quatro anos quando o trabalhador est\u00e1 a desempenhar a mesma fun\u00e7\u00e3o.<\/p>\n\n\n\n<p>No que respeita \u00e0 integra\u00e7\u00e3o de jovens no mercado de trabalho, destacam-se as seguintes medidas:<\/p>\n\n\n\n<ol class=\"wp-block-list\">\n<li>o per\u00edodo experimental \u00e9 reduzido caso o jovem a contratar j\u00e1 tenha tido contratos a termo na mesma atividade, mesmo que com outro empregador;<\/li>\n\n\n\n<li>os est\u00e1gios profissionais passam a ser remunerados no m\u00ednimo por 80% do sal\u00e1rio m\u00ednimo. Ou seja, 608,00\u20ac em 2023;<\/li>\n\n\n\n<li>as bolsas de est\u00e1gio do Instituto do Emprego e Forma\u00e7\u00e3o Profissional (IEFP) para licenciados sobem para 960,00\u20ac;<\/li>\n\n\n\n<li>os trabalhadores-estudantes jovens (com idade igual ou inferior a 27 anos) passam a poder acumular o abono de fam\u00edlia e as bolsas de estudo com o sal\u00e1rio.<\/li>\n<\/ol>\n\n\n\n<p>Para desincentivar os despedimentos s\u00e3o adotadas tamb\u00e9m algumas medidas, nomeadamente, se uma empresa fizer um despedimento coletivo ou optar pela extin\u00e7\u00e3o do posto de trabalho, fica impedida de, durante os 12 meses seguintes, recorrer ao outsourcing (subcontrata\u00e7\u00e3o de servi\u00e7os externos) para a execu\u00e7\u00e3o dessas tarefas. O valor da compensa\u00e7\u00e3o pela cessa\u00e7\u00e3o dos contratos a termo certo ou incerto \u00e9 aumentado para 24 dias de retribui\u00e7\u00e3o base e diuturnidades por cada ano completo de antiguidade.<\/p>\n\n\n\n<p>Em caso de despedimento, o trabalhador n\u00e3o pode abdicar de receber os cr\u00e9ditos relativos a subs\u00eddio de f\u00e9rias e de Natal, f\u00e9rias n\u00e3o gozadas e horas de forma\u00e7\u00e3o. A \u00fanica exce\u00e7\u00e3o s\u00e3o os casos em que esta ren\u00fancia aos seus direitos \u00e9 feita atrav\u00e9s de acordo judicial.<\/p>\n\n\n\n<p>No que respeita \u00e0s empresas de trabalho tempor\u00e1rio e plataformas, estas t\u00eam de possuir um quadro de pessoal permanente, passando a ser obrigadas a ter certifica\u00e7\u00e3o e n\u00e3o podendo ter como s\u00f3cios, gerentes ou diretores pessoas que tenham sido condenadas por contraordena\u00e7\u00f5es laborais.<\/p>\n\n\n\n<p>No que concerne aos trabalhadores das plataformas digitais (como as de transporte ou distribui\u00e7\u00e3o de comida), segundo a nova lei, s\u00e3o trabalhadores por conta de outrem, e por isso devem ter todos os direitos como qualquer outro trabalhador.<\/p>\n\n\n\n<p>S\u00e3o introduzidas novas medidas legislativas quanto a licen\u00e7as e equil\u00edbrio entre trabalho e fam\u00edlia.\nA licen\u00e7a de parentalidade exclusiva do pai passa para 28 dias consecutivos, havendo um aumento do subs\u00eddio quando as licen\u00e7as parentais s\u00e3o partilhadas de forma igual entre pai e m\u00e3e e a partir dos 120 dias, a licen\u00e7a pode ser utilizada em part-time por ambos os progenitores, aumentando a sua dura\u00e7\u00e3o total.<\/p>\n\n\n\n<p>Existem ainda altera\u00e7\u00f5es relacionadas com o falecimento de um familiar, nomeadamente se o c\u00f4njuge falecer, a licen\u00e7a passa a ser de 20 dias. \u00c9 tamb\u00e9m criada a licen\u00e7a por luto gestacional, que tem como limite m\u00e1ximo 3 dias.<\/p>\n\n\n\n<p>s pais de crian\u00e7as com defici\u00eancia, doen\u00e7a cr\u00f3nica ou doen\u00e7a oncol\u00f3gica passam a ter direito ao teletrabalho, sem necessidade de acordo por parte do empregador.<\/p>\n\n\n\n<p>As medidas de prote\u00e7\u00e3o ao equil\u00edbrio entre trabalho e fam\u00edlia preveem ainda um alargamento da dispensa e da licen\u00e7a para quem adotar uma crian\u00e7a ou quiser ser fam\u00edlia de acolhimento.<\/p>\n\n\n\n<p>H\u00e1 tamb\u00e9m novidades no pagamento das horas extraordin\u00e1rias para quem ultrapassa as 100 horas anuais de trabalho suplementar.<\/p>\n\n\n\n<p>- 50% pela primeira hora ou fra\u00e7\u00e3o desta e 75% por hora ou fra\u00e7\u00e3o das horas seguintes, se for em dia \u00fatil<\/p>\n\n\n\n<p>- 100% por cada hora ou fra\u00e7\u00e3o das horas seguintes, quando ocorrem em dia de descanso semanal ou feriado.<\/p>\n\n\n\n<p>Nesta altera\u00e7\u00e3o legislativa aqui em aprecia\u00e7\u00e3o, incluem-se mais direitos para os cuidadores informais n\u00e3o principais, isto \u00e9, aqueles que cuidam de forma regular, mas n\u00e3o permanente, de pessoas em situa\u00e7\u00e3o de depend\u00eancia, e que podem ou n\u00e3o continuar a trabalhar.<\/p>\n\n\n\n<p>As pessoas que exercem uma atividade profissional em simult\u00e2neo passam a ter direito no seu emprego a:<\/p>\n\n\n\n<ul class=\"wp-block-list\">\n<li>Uma licen\u00e7a de cinco dias;<\/li>\n\n\n\n<li>15 dias de faltas justificadas;<\/li>\n\n\n\n<li>Teletrabalho, hor\u00e1rio flex\u00edvel ou tempo parcial;<\/li>\n\n\n\n<li>Prote\u00e7\u00e3o contra o despedimento e discrimina\u00e7\u00e3o.<\/li>\n<\/ul>\n\n\n\n<p>Com esta lei, as baixas m\u00e9dicas at\u00e9 3 dias podem ser emitidas atrav\u00e9s do SNS 24 mediante uma Auto declara\u00e7\u00e3o de doen\u00e7a, sob compromisso de honra. Esta possibilidade fica limitada a duas vezes por ano.<\/p>\n\n\n\n<p>A semana dos quatro dias tamb\u00e9m est\u00e1 prevista na Agenda do Trabalho Digno, que prev\u00ea o desenvolvimento de um projeto-piloto.<\/p>","protected":false},"excerpt":{"rendered":"<p>By transposing community directives approved in 2019 into national law, the Dignified Work Agenda introduces changes to contracts, dismissals, and workers&#8217; rights. This legislation encompasses approximately 70 measures aimed at improving working conditions, promoting a better work-life balance, and reinforcing the rights of workers. <\/p>","protected":false},"author":1,"featured_media":2428,"comment_status":"closed","ping_status":"closed","sticky":false,"template":"","format":"standard","meta":{"_acf_changed":false,"footnotes":""},"categories":[40],"tags":[],"class_list":["post-2151","post","type-post","status-publish","format-standard","has-post-thumbnail","hentry","category-management","generate-columns","tablet-grid-50","mobile-grid-100","grid-parent","grid-33","no-featured-image-padding"],"acf":[],"yoast_head":"<!-- This site is optimized with the Yoast SEO Premium plugin v25.0 (Yoast SEO v25.8) - https:\/\/yoast.com\/wordpress\/plugins\/seo\/ -->\n<title>The Dignified Work Agenda - TrustBiz<\/title>\n<meta name=\"robots\" content=\"index, follow, max-snippet:-1, max-image-preview:large, max-video-preview:-1\" \/>\n<link rel=\"canonical\" href=\"https:\/\/trustbiz.pt\/pt\/the-dignified-work-agenda\/\" \/>\n<meta property=\"og:locale\" content=\"pt_PT\" \/>\n<meta property=\"og:type\" content=\"article\" \/>\n<meta property=\"og:title\" content=\"The Dignified Work Agenda\" \/>\n<meta property=\"og:description\" content=\"By transposing community directives approved in 2019 into national law, the Dignified Work Agenda introduces changes to contracts, dismissals, and workers&#039; rights. This legislation encompasses approximately 70 measures aimed at improving working conditions, promoting a better work-life balance, and reinforcing the rights of workers.\" \/>\n<meta property=\"og:url\" content=\"https:\/\/trustbiz.pt\/pt\/the-dignified-work-agenda\/\" \/>\n<meta property=\"og:site_name\" content=\"TrustBiz\" \/>\n<meta property=\"article:published_time\" content=\"2023-08-01T16:55:38+00:00\" \/>\n<meta property=\"article:modified_time\" content=\"2023-08-11T14:52:17+00:00\" \/>\n<meta property=\"og:image\" content=\"https:\/\/trustbiz.pt\/wp-content\/uploads\/2023\/08\/vita-marija-murenaite-Bg8atM-RVuw-unsplash-scaled-e1691765510147.jpg\" \/>\n\t<meta property=\"og:image:width\" content=\"2560\" \/>\n\t<meta property=\"og:image:height\" content=\"1395\" \/>\n\t<meta property=\"og:image:type\" content=\"image\/jpeg\" \/>\n<meta name=\"author\" content=\"admin\" \/>\n<meta name=\"twitter:card\" content=\"summary_large_image\" \/>\n<meta name=\"twitter:label1\" content=\"Escrito por\" \/>\n\t<meta name=\"twitter:data1\" content=\"admin\" \/>\n\t<meta name=\"twitter:label2\" content=\"Tempo estimado de leitura\" \/>\n\t<meta name=\"twitter:data2\" content=\"4 minutos\" \/>\n<script type=\"application\/ld+json\" class=\"yoast-schema-graph\">{\"@context\":\"https:\/\/schema.org\",\"@graph\":[{\"@type\":\"Article\",\"@id\":\"https:\/\/trustbiz.pt\/the-dignified-work-agenda\/#article\",\"isPartOf\":{\"@id\":\"https:\/\/trustbiz.pt\/the-dignified-work-agenda\/\"},\"author\":{\"name\":\"admin\",\"@id\":\"https:\/\/trustbiz.pt\/#\/schema\/person\/3713fadd43da76c0f89ca113e06f9fce\"},\"headline\":\"The Dignified Work Agenda\",\"datePublished\":\"2023-08-01T16:55:38+00:00\",\"dateModified\":\"2023-08-11T14:52:17+00:00\",\"mainEntityOfPage\":{\"@id\":\"https:\/\/trustbiz.pt\/the-dignified-work-agenda\/\"},\"wordCount\":704,\"publisher\":{\"@id\":\"https:\/\/trustbiz.pt\/#organization\"},\"image\":{\"@id\":\"https:\/\/trustbiz.pt\/the-dignified-work-agenda\/#primaryimage\"},\"thumbnailUrl\":\"https:\/\/trustbiz.pt\/wp-content\/uploads\/2023\/08\/vita-marija-murenaite-Bg8atM-RVuw-unsplash-scaled-e1691765510147.jpg\",\"articleSection\":[\"Management\"],\"inLanguage\":\"pt-PT\"},{\"@type\":\"WebPage\",\"@id\":\"https:\/\/trustbiz.pt\/the-dignified-work-agenda\/\",\"url\":\"https:\/\/trustbiz.pt\/the-dignified-work-agenda\/\",\"name\":\"The Dignified Work Agenda - TrustBiz\",\"isPartOf\":{\"@id\":\"https:\/\/trustbiz.pt\/#website\"},\"primaryImageOfPage\":{\"@id\":\"https:\/\/trustbiz.pt\/the-dignified-work-agenda\/#primaryimage\"},\"image\":{\"@id\":\"https:\/\/trustbiz.pt\/the-dignified-work-agenda\/#primaryimage\"},\"thumbnailUrl\":\"https:\/\/trustbiz.pt\/wp-content\/uploads\/2023\/08\/vita-marija-murenaite-Bg8atM-RVuw-unsplash-scaled-e1691765510147.jpg\",\"datePublished\":\"2023-08-01T16:55:38+00:00\",\"dateModified\":\"2023-08-11T14:52:17+00:00\",\"breadcrumb\":{\"@id\":\"https:\/\/trustbiz.pt\/the-dignified-work-agenda\/#breadcrumb\"},\"inLanguage\":\"pt-PT\",\"potentialAction\":[{\"@type\":\"ReadAction\",\"target\":[\"https:\/\/trustbiz.pt\/the-dignified-work-agenda\/\"]}]},{\"@type\":\"ImageObject\",\"inLanguage\":\"pt-PT\",\"@id\":\"https:\/\/trustbiz.pt\/the-dignified-work-agenda\/#primaryimage\",\"url\":\"https:\/\/trustbiz.pt\/wp-content\/uploads\/2023\/08\/vita-marija-murenaite-Bg8atM-RVuw-unsplash-scaled-e1691765510147.jpg\",\"contentUrl\":\"https:\/\/trustbiz.pt\/wp-content\/uploads\/2023\/08\/vita-marija-murenaite-Bg8atM-RVuw-unsplash-scaled-e1691765510147.jpg\",\"width\":2560,\"height\":1395},{\"@type\":\"BreadcrumbList\",\"@id\":\"https:\/\/trustbiz.pt\/the-dignified-work-agenda\/#breadcrumb\",\"itemListElement\":[{\"@type\":\"ListItem\",\"position\":1,\"name\":\"Home\",\"item\":\"https:\/\/trustbiz.pt\/\"},{\"@type\":\"ListItem\",\"position\":2,\"name\":\"The Dignified Work Agenda\"}]},{\"@type\":\"WebSite\",\"@id\":\"https:\/\/trustbiz.pt\/#website\",\"url\":\"https:\/\/trustbiz.pt\/\",\"name\":\"TrustBiz\",\"description\":\"\",\"publisher\":{\"@id\":\"https:\/\/trustbiz.pt\/#organization\"},\"potentialAction\":[{\"@type\":\"SearchAction\",\"target\":{\"@type\":\"EntryPoint\",\"urlTemplate\":\"https:\/\/trustbiz.pt\/?s={search_term_string}\"},\"query-input\":{\"@type\":\"PropertyValueSpecification\",\"valueRequired\":true,\"valueName\":\"search_term_string\"}}],\"inLanguage\":\"pt-PT\"},{\"@type\":\"Organization\",\"@id\":\"https:\/\/trustbiz.pt\/#organization\",\"name\":\"TrustBiz\",\"url\":\"https:\/\/trustbiz.pt\/\",\"logo\":{\"@type\":\"ImageObject\",\"inLanguage\":\"pt-PT\",\"@id\":\"https:\/\/trustbiz.pt\/#\/schema\/logo\/image\/\",\"url\":\"https:\/\/trustbiz.pt\/wp-content\/uploads\/2023\/03\/trustbiz_logo_c.svg\",\"contentUrl\":\"https:\/\/trustbiz.pt\/wp-content\/uploads\/2023\/03\/trustbiz_logo_c.svg\",\"caption\":\"TrustBiz\"},\"image\":{\"@id\":\"https:\/\/trustbiz.pt\/#\/schema\/logo\/image\/\"}},{\"@type\":\"Person\",\"@id\":\"https:\/\/trustbiz.pt\/#\/schema\/person\/3713fadd43da76c0f89ca113e06f9fce\",\"name\":\"admin\",\"image\":{\"@type\":\"ImageObject\",\"inLanguage\":\"pt-PT\",\"@id\":\"https:\/\/trustbiz.pt\/#\/schema\/person\/image\/\",\"url\":\"https:\/\/secure.gravatar.com\/avatar\/e182bfa9a58e7055a0a79eb9d816c6da052141fb0cbfd9ed3661852851417cf9?s=96&d=mm&r=g\",\"contentUrl\":\"https:\/\/secure.gravatar.com\/avatar\/e182bfa9a58e7055a0a79eb9d816c6da052141fb0cbfd9ed3661852851417cf9?s=96&d=mm&r=g\",\"caption\":\"admin\"},\"sameAs\":[\"https:\/\/trustbiz.pt\"],\"url\":\"https:\/\/trustbiz.pt\/pt\/author\/admin_tncnd9rt\/\"}]}<\/script>\n<!-- \/ Yoast SEO Premium plugin. -->","yoast_head_json":{"title":"The Dignified Work Agenda - TrustBiz","robots":{"index":"index","follow":"follow","max-snippet":"max-snippet:-1","max-image-preview":"max-image-preview:large","max-video-preview":"max-video-preview:-1"},"canonical":"https:\/\/trustbiz.pt\/pt\/the-dignified-work-agenda\/","og_locale":"pt_PT","og_type":"article","og_title":"The Dignified Work Agenda","og_description":"By transposing community directives approved in 2019 into national law, the Dignified Work Agenda introduces changes to contracts, dismissals, and workers' rights. This legislation encompasses approximately 70 measures aimed at improving working conditions, promoting a better work-life balance, and reinforcing the rights of workers.","og_url":"https:\/\/trustbiz.pt\/pt\/the-dignified-work-agenda\/","og_site_name":"TrustBiz","article_published_time":"2023-08-01T16:55:38+00:00","article_modified_time":"2023-08-11T14:52:17+00:00","og_image":[{"width":2560,"height":1395,"url":"https:\/\/trustbiz.pt\/wp-content\/uploads\/2023\/08\/vita-marija-murenaite-Bg8atM-RVuw-unsplash-scaled-e1691765510147.jpg","type":"image\/jpeg"}],"author":"admin","twitter_card":"summary_large_image","twitter_misc":{"Escrito por":"admin","Tempo estimado de leitura":"4 minutos"},"schema":{"@context":"https:\/\/schema.org","@graph":[{"@type":"Article","@id":"https:\/\/trustbiz.pt\/the-dignified-work-agenda\/#article","isPartOf":{"@id":"https:\/\/trustbiz.pt\/the-dignified-work-agenda\/"},"author":{"name":"admin","@id":"https:\/\/trustbiz.pt\/#\/schema\/person\/3713fadd43da76c0f89ca113e06f9fce"},"headline":"The Dignified Work Agenda","datePublished":"2023-08-01T16:55:38+00:00","dateModified":"2023-08-11T14:52:17+00:00","mainEntityOfPage":{"@id":"https:\/\/trustbiz.pt\/the-dignified-work-agenda\/"},"wordCount":704,"publisher":{"@id":"https:\/\/trustbiz.pt\/#organization"},"image":{"@id":"https:\/\/trustbiz.pt\/the-dignified-work-agenda\/#primaryimage"},"thumbnailUrl":"https:\/\/trustbiz.pt\/wp-content\/uploads\/2023\/08\/vita-marija-murenaite-Bg8atM-RVuw-unsplash-scaled-e1691765510147.jpg","articleSection":["Management"],"inLanguage":"pt-PT"},{"@type":"WebPage","@id":"https:\/\/trustbiz.pt\/the-dignified-work-agenda\/","url":"https:\/\/trustbiz.pt\/the-dignified-work-agenda\/","name":"The Dignified Work Agenda - TrustBiz","isPartOf":{"@id":"https:\/\/trustbiz.pt\/#website"},"primaryImageOfPage":{"@id":"https:\/\/trustbiz.pt\/the-dignified-work-agenda\/#primaryimage"},"image":{"@id":"https:\/\/trustbiz.pt\/the-dignified-work-agenda\/#primaryimage"},"thumbnailUrl":"https:\/\/trustbiz.pt\/wp-content\/uploads\/2023\/08\/vita-marija-murenaite-Bg8atM-RVuw-unsplash-scaled-e1691765510147.jpg","datePublished":"2023-08-01T16:55:38+00:00","dateModified":"2023-08-11T14:52:17+00:00","breadcrumb":{"@id":"https:\/\/trustbiz.pt\/the-dignified-work-agenda\/#breadcrumb"},"inLanguage":"pt-PT","potentialAction":[{"@type":"ReadAction","target":["https:\/\/trustbiz.pt\/the-dignified-work-agenda\/"]}]},{"@type":"ImageObject","inLanguage":"pt-PT","@id":"https:\/\/trustbiz.pt\/the-dignified-work-agenda\/#primaryimage","url":"https:\/\/trustbiz.pt\/wp-content\/uploads\/2023\/08\/vita-marija-murenaite-Bg8atM-RVuw-unsplash-scaled-e1691765510147.jpg","contentUrl":"https:\/\/trustbiz.pt\/wp-content\/uploads\/2023\/08\/vita-marija-murenaite-Bg8atM-RVuw-unsplash-scaled-e1691765510147.jpg","width":2560,"height":1395},{"@type":"BreadcrumbList","@id":"https:\/\/trustbiz.pt\/the-dignified-work-agenda\/#breadcrumb","itemListElement":[{"@type":"ListItem","position":1,"name":"Home","item":"https:\/\/trustbiz.pt\/"},{"@type":"ListItem","position":2,"name":"The Dignified Work Agenda"}]},{"@type":"WebSite","@id":"https:\/\/trustbiz.pt\/#website","url":"https:\/\/trustbiz.pt\/","name":"TrustBiz","description":"","publisher":{"@id":"https:\/\/trustbiz.pt\/#organization"},"potentialAction":[{"@type":"SearchAction","target":{"@type":"EntryPoint","urlTemplate":"https:\/\/trustbiz.pt\/?s={search_term_string}"},"query-input":{"@type":"PropertyValueSpecification","valueRequired":true,"valueName":"search_term_string"}}],"inLanguage":"pt-PT"},{"@type":"Organization","@id":"https:\/\/trustbiz.pt\/#organization","name":"TrustBiz","url":"https:\/\/trustbiz.pt\/","logo":{"@type":"ImageObject","inLanguage":"pt-PT","@id":"https:\/\/trustbiz.pt\/#\/schema\/logo\/image\/","url":"https:\/\/trustbiz.pt\/wp-content\/uploads\/2023\/03\/trustbiz_logo_c.svg","contentUrl":"https:\/\/trustbiz.pt\/wp-content\/uploads\/2023\/03\/trustbiz_logo_c.svg","caption":"TrustBiz"},"image":{"@id":"https:\/\/trustbiz.pt\/#\/schema\/logo\/image\/"}},{"@type":"Person","@id":"https:\/\/trustbiz.pt\/#\/schema\/person\/3713fadd43da76c0f89ca113e06f9fce","name":"admin","image":{"@type":"ImageObject","inLanguage":"pt-PT","@id":"https:\/\/trustbiz.pt\/#\/schema\/person\/image\/","url":"https:\/\/secure.gravatar.com\/avatar\/e182bfa9a58e7055a0a79eb9d816c6da052141fb0cbfd9ed3661852851417cf9?s=96&d=mm&r=g","contentUrl":"https:\/\/secure.gravatar.com\/avatar\/e182bfa9a58e7055a0a79eb9d816c6da052141fb0cbfd9ed3661852851417cf9?s=96&d=mm&r=g","caption":"admin"},"sameAs":["https:\/\/trustbiz.pt"],"url":"https:\/\/trustbiz.pt\/pt\/author\/admin_tncnd9rt\/"}]}},"_links":{"self":[{"href":"https:\/\/trustbiz.pt\/pt\/wp-json\/wp\/v2\/posts\/2151","targetHints":{"allow":["GET"]}}],"collection":[{"href":"https:\/\/trustbiz.pt\/pt\/wp-json\/wp\/v2\/posts"}],"about":[{"href":"https:\/\/trustbiz.pt\/pt\/wp-json\/wp\/v2\/types\/post"}],"author":[{"embeddable":true,"href":"https:\/\/trustbiz.pt\/pt\/wp-json\/wp\/v2\/users\/1"}],"replies":[{"embeddable":true,"href":"https:\/\/trustbiz.pt\/pt\/wp-json\/wp\/v2\/comments?post=2151"}],"version-history":[{"count":1,"href":"https:\/\/trustbiz.pt\/pt\/wp-json\/wp\/v2\/posts\/2151\/revisions"}],"predecessor-version":[{"id":2152,"href":"https:\/\/trustbiz.pt\/pt\/wp-json\/wp\/v2\/posts\/2151\/revisions\/2152"}],"wp:featuredmedia":[{"embeddable":true,"href":"https:\/\/trustbiz.pt\/pt\/wp-json\/wp\/v2\/media\/2428"}],"wp:attachment":[{"href":"https:\/\/trustbiz.pt\/pt\/wp-json\/wp\/v2\/media?parent=2151"}],"wp:term":[{"taxonomy":"category","embeddable":true,"href":"https:\/\/trustbiz.pt\/pt\/wp-json\/wp\/v2\/categories?post=2151"},{"taxonomy":"post_tag","embeddable":true,"href":"https:\/\/trustbiz.pt\/pt\/wp-json\/wp\/v2\/tags?post=2151"}],"curies":[{"name":"wp","href":"https:\/\/api.w.org\/{rel}","templated":true}]}}